{"id":1470,"date":"2024-09-09T16:05:47","date_gmt":"2024-09-09T14:05:47","guid":{"rendered":"https:\/\/www.grundschule-tettens.de\/wordpress\/?p=1470"},"modified":"2024-09-09T16:12:35","modified_gmt":"2024-09-09T14:12:35","slug":"zahlenraumerweiterung-mal-anders","status":"publish","type":"post","link":"http:\/\/www.grundschule-tettens.de\/wordpress\/2024\/09\/09\/zahlenraumerweiterung-mal-anders\/","title":{"rendered":"Zahlenraumerweiterung mal anders"},"content":{"rendered":"<p>Nachdem im Verlauf des ersten Schulbesuchjahres der Zahlenraum bis 20 eingef\u00fchrt wurde, wird in den folgenden Schuljahren schrittweise der Zahlenraum auf 100, 1 000 und 1 Million erweitert.<\/p>\n<p>Hier nutzt die Klasse 3b B\u00fcroklammern f\u00fcr den Erwerb tragf\u00e4higer Grundvorstellungen<\/p>\n<p>Sie entdecken Strukturen und Zusammenh\u00e4ngen zwischen den Zahlen und Mengen und vernetzen sp\u00e4ter verschiedenen Darstellungen sowie verschiedener Darstellungsebenen.<a href=\"https:\/\/www.grundschule-tettens.de\/wordpress\/2024\/09\/09\/zahlenraumerweiterung-mal-anders\/img_5195\/\" rel=\"attachment wp-att-1473\"><img loading=\"lazy\" decoding=\"async\" class=\"size-medium wp-image-1473 aligncenter\" src=\"http:\/\/www.grundschule-tettens.de\/wordpress\/wp-content\/uploads\/2024\/09\/IMG_5195-225x300.jpg\" alt=\"\" width=\"225\" height=\"300\" srcset=\"http:\/\/www.grundschule-tettens.de\/wordpress\/wp-content\/uploads\/2024\/09\/IMG_5195-225x300.jpg 225w, http:\/\/www.grundschule-tettens.de\/wordpress\/wp-content\/uploads\/2024\/09\/IMG_5195-768x1024.jpg 768w, http:\/\/www.grundschule-tettens.de\/wordpress\/wp-content\/uploads\/2024\/09\/IMG_5195-1152x1536.jpg 1152w, http:\/\/www.grundschule-tettens.de\/wordpress\/wp-content\/uploads\/2024\/09\/IMG_5195-1536x2048.jpg 1536w, http:\/\/www.grundschule-tettens.de\/wordpress\/wp-content\/uploads\/2024\/09\/IMG_5195-750x1000.jpg 750w, http:\/\/www.grundschule-tettens.de\/wordpress\/wp-content\/uploads\/2024\/09\/IMG_5195-scaled.jpg 1920w\" sizes=\"auto, (max-width: 225px) 100vw, 225px\" \/><\/a><a href=\"https:\/\/www.grundschule-tettens.de\/wordpress\/2024\/09\/09\/zahlenraumerweiterung-mal-anders\/img_5194\/\" rel=\"attachment wp-att-1472\"><img loading=\"lazy\" decoding=\"async\" class=\"size-medium wp-image-1472 aligncenter\" src=\"http:\/\/www.grundschule-tettens.de\/wordpress\/wp-content\/uploads\/2024\/09\/IMG_5194-225x300.jpg\" alt=\"\" width=\"225\" height=\"300\" srcset=\"http:\/\/www.grundschule-tettens.de\/wordpress\/wp-content\/uploads\/2024\/09\/IMG_5194-225x300.jpg 225w, http:\/\/www.grundschule-tettens.de\/wordpress\/wp-content\/uploads\/2024\/09\/IMG_5194-768x1024.jpg 768w, http:\/\/www.grundschule-tettens.de\/wordpress\/wp-content\/uploads\/2024\/09\/IMG_5194-1152x1536.jpg 1152w, http:\/\/www.grundschule-tettens.de\/wordpress\/wp-content\/uploads\/2024\/09\/IMG_5194-1536x2048.jpg 1536w, http:\/\/www.grundschule-tettens.de\/wordpress\/wp-content\/uploads\/2024\/09\/IMG_5194-750x1000.jpg 750w, http:\/\/www.grundschule-tettens.de\/wordpress\/wp-content\/uploads\/2024\/09\/IMG_5194-scaled.jpg 1920w\" sizes=\"auto, (max-width: 225px) 100vw, 225px\" \/><\/a><\/p>\n","protected":false},"excerpt":{"rendered":"<p>Nachdem im Verlauf des ersten Schulbesuchjahres der Zahlenraum bis 20 eingef\u00fchrt wurde, wird in den folgenden Schuljahren schrittweise der Zahlenraum auf 100, 1 000 und 1 Million erweitert. Hier nutzt die Klasse 3b B\u00fcroklammern f\u00fcr den Erwerb tragf\u00e4higer Grundvorstellungen Sie entdecken Strukturen und Zusammenh\u00e4ngen zwischen den Zahlen und Mengen und vernetzen sp\u00e4ter verschiedenen Darstellungen sowie &hellip; <\/p>\n<p><a class=\"more-link btn\" href=\"http:\/\/www.grundschule-tettens.de\/wordpress\/2024\/09\/09\/zahlenraumerweiterung-mal-anders\/\">Weiterlesen<\/a><\/p>\n","protected":false},"author":4,"featured_media":1477,"comment_status":"closed","ping_status":"closed","sticky":false,"template":"","format":"standard","meta":{"footnotes":""},"categories":[1],"tags":[],"class_list":["post-1470","post","type-post","status-publish","format-standard","has-post-thumbnail","hentry","category-allgemein","item-wrap"],"_links":{"self":[{"href":"http:\/\/www.grundschule-tettens.de\/wordpress\/wp-json\/wp\/v2\/posts\/1470","targetHints":{"allow":["GET"]}}],"collection":[{"href":"http:\/\/www.grundschule-tettens.de\/wordpress\/wp-json\/wp\/v2\/posts"}],"about":[{"href":"http:\/\/www.grundschule-tettens.de\/wordpress\/wp-json\/wp\/v2\/types\/post"}],"author":[{"embeddable":true,"href":"http:\/\/www.grundschule-tettens.de\/wordpress\/wp-json\/wp\/v2\/users\/4"}],"replies":[{"embeddable":true,"href":"http:\/\/www.grundschule-tettens.de\/wordpress\/wp-json\/wp\/v2\/comments?post=1470"}],"version-history":[{"count":3,"href":"http:\/\/www.grundschule-tettens.de\/wordpress\/wp-json\/wp\/v2\/posts\/1470\/revisions"}],"predecessor-version":[{"id":1476,"href":"http:\/\/www.grundschule-tettens.de\/wordpress\/wp-json\/wp\/v2\/posts\/1470\/revisions\/1476"}],"wp:featuredmedia":[{"embeddable":true,"href":"http:\/\/www.grundschule-tettens.de\/wordpress\/wp-json\/wp\/v2\/media\/1477"}],"wp:attachment":[{"href":"http:\/\/www.grundschule-tettens.de\/wordpress\/wp-json\/wp\/v2\/media?parent=1470"}],"wp:term":[{"taxonomy":"category","embeddable":true,"href":"http:\/\/www.grundschule-tettens.de\/wordpress\/wp-json\/wp\/v2\/categories?post=1470"},{"taxonomy":"post_tag","embeddable":true,"href":"http:\/\/www.grundschule-tettens.de\/wordpress\/wp-json\/wp\/v2\/tags?post=1470"}],"curies":[{"name":"wp","href":"https:\/\/api.w.org\/{rel}","templated":true}]}}